{"id":1488,"date":"2026-03-06T15:08:29","date_gmt":"2026-03-06T14:08:29","guid":{"rendered":"https:\/\/polygonal.ngo\/?p=1488"},"modified":"2026-03-18T17:37:29","modified_gmt":"2026-03-18T16:37:29","slug":"webinar-fit-for-the-future-inclusione-lavoro","status":"publish","type":"post","link":"https:\/\/polygonal.ngo\/it\/webinar-fit-for-the-future-inclusione-lavoro\/","title":{"rendered":"Webinar Fit for the Future: diversit\u00e0 e inclusione nel lavoro"},"content":{"rendered":"\n<p>Come possiamo costruire ambienti di lavoro e di istruzione che siano realmente inclusivi e rigenerativi? <strong>Certamente<\/strong>, affrontare la complessit\u00e0 delle organizzazioni moderne richiede strumenti nuovi e una visione sistemica. Per questo motivo, siamo lieti di invitarti al webinar del progetto <strong>Fit for the Future (F4F)<\/strong>, che si terr\u00e0 il <strong>18 marzo 2026<\/strong>, dalle ore <strong>14:00 alle 15:30<\/strong>.<\/p>\n\n\n\n<p><strong>In primo luogo<\/strong>, l&#8217;incontro mira a esplorare come la leadership e l&#8217;inclusione possano aumentare la capacit\u00e0 di recupero delle organizzazioni. L&#8217;iniziativa fa parte di un percorso europeo cofinanziato dall&#8217;Unione Europea. Se vuoi restare aggiornato sulle nostre attivit\u00e0 di formazione, visita la sezione <a target=\"_blank\" rel=\"noreferrer noopener\" href=\"https:\/\/polygonal.ngo\/it\/news\/\">News di Polygonal<\/a>.<\/p>\n\n\n\n<h3 class=\"wp-block-heading\">Il programma del webinar: esperti a confronto<\/h3>\n\n\n\n<p>Durante il <strong>webinar Fit for the Future<\/strong>, avremo il piacere di ospitare relatori internazionali che condivideranno pratiche concrete e riflessioni teoriche. <strong>Infatti<\/strong>, l&#8217;obiettivo \u00e8 fornire un&#8217;ispirazione in movimento attraverso voci autorevoli del settore.<\/p>\n\n\n\n<p><strong>Il programma prevede:<\/strong><\/p>\n\n\n\n<ul class=\"wp-block-list\">\n<li><strong>Leadership rigenerativa:<\/strong> la Prof.ssa Liliya Terzieva (Universit\u00e0 dell&#8217;Aia) spiegher\u00e0 l&#8217;approccio sistemico nell&#8217;istruzione.<\/li>\n\n\n\n<li><strong>Inclusione e resilienza:<\/strong> Pablo Gonz\u00e1lez (Project Manager presso Impulsa Igualdad) approfondir\u00e0 il legame tra diversit\u00e0 e capacit\u00e0 di recupero organizzativo.<\/li>\n\n\n\n<li><strong>Riflessione condivisa:<\/strong> uno spazio dedicato alle conclusioni fondamentali e al riscontro dei partecipanti.<\/li>\n<\/ul>\n\n\n\n<p><strong>Tuttavia<\/strong>, non si tratter\u00e0 di un ascolto passivo. <strong>In aggiunta<\/strong>, il webinar \u00e8 pensato per generare una riflessione collettiva su come queste pratiche possano essere applicate nei contesti quotidiani. Puoi trovare maggiori dettagli di <a href=\"https:\/\/fit4thefuture.eu\/\" type=\"link\" id=\"https:\/\/fit4thefuture.eu\/\">Fit for the Future<\/a> sul sito web.<\/p>\n\n\n\n<h3 class=\"wp-block-heading\">Perch\u00e9 partecipare a questa sessione online?<\/h3>\n\n\n\n<p><strong>In breve<\/strong>, il <strong>webinar Fit for the Future<\/strong> \u00e8 un&#8217;occasione imperdibile per professionisti, docenti e manager che vogliono innovare i propri processi interni. <strong>Attualmente<\/strong>, la diversit\u00e0 non \u00e8 solo un valore etico, ma un fattore strategico per il successo di ogni ente.<\/p>\n\n\n\n<p><strong>Certamente<\/strong>, il futuro del lavoro passa per l&#8217;inclusione. <strong>Per questo motivo<\/strong>, ti invitiamo a collegarti il 18 marzo per scoprire insieme come rendere le nostre organizzazioni &#8220;pronte per il futuro&#8221;.<\/p>\n\n\n\n<figure class=\"wp-block-gallery has-nested-images columns-default is-cropped wp-block-gallery-1 is-layout-flex wp-block-gallery-is-layout-flex\">\n<figure class=\"wp-block-image size-large\"><img fetchpriority=\"high\" decoding=\"async\" width=\"724\" height=\"1024\" data-id=\"1491\" src=\"https:\/\/polygonal.ngo\/wp-content\/uploads\/2026\/03\/8-724x1024.jpg\" alt=\"\" class=\"wp-image-1491\" srcset=\"https:\/\/polygonal.ngo\/wp-content\/uploads\/2026\/03\/8-724x1024.jpg 724w, https:\/\/polygonal.ngo\/wp-content\/uploads\/2026\/03\/8-212x300.jpg 212w, https:\/\/polygonal.ngo\/wp-content\/uploads\/2026\/03\/8-768x1086.jpg 768w, https:\/\/polygonal.ngo\/wp-content\/uploads\/2026\/03\/8-1086x1536.jpg 1086w, https:\/\/polygonal.ngo\/wp-content\/uploads\/2026\/03\/8.jpg 1414w\" sizes=\"(max-width: 724px) 100vw, 724px\" \/><\/figure>\n\n\n\n<figure class=\"wp-block-image size-large\"><img decoding=\"async\" width=\"724\" height=\"1024\" data-id=\"1493\" src=\"https:\/\/polygonal.ngo\/wp-content\/uploads\/2026\/03\/9-724x1024.jpg\" alt=\"\" class=\"wp-image-1493\" srcset=\"https:\/\/polygonal.ngo\/wp-content\/uploads\/2026\/03\/9-724x1024.jpg 724w, https:\/\/polygonal.ngo\/wp-content\/uploads\/2026\/03\/9-212x300.jpg 212w, https:\/\/polygonal.ngo\/wp-content\/uploads\/2026\/03\/9-768x1086.jpg 768w, https:\/\/polygonal.ngo\/wp-content\/uploads\/2026\/03\/9-1086x1536.jpg 1086w, https:\/\/polygonal.ngo\/wp-content\/uploads\/2026\/03\/9.jpg 1414w\" sizes=\"(max-width: 724px) 100vw, 724px\" \/><\/figure>\n<\/figure>\n","protected":false},"excerpt":{"rendered":"<p>Partecipa al webinar Fit for the Future per approfondire leadership rigenerativa, diversit\u00e0 e inclusione nel mondo lavorativo.<\/p>\n","protected":false},"author":3,"featured_media":1489,"comment_status":"closed","ping_status":"closed","sticky":false,"template":"","format":"standard","meta":{"footnotes":""},"categories":[112,113,115],"tags":[30,28,31],"class_list":["post-1488","post","type-post","status-publish","format-standard","has-post-thumbnail","hentry","category-educazione","category-equita","category-progetti","tag-erasmus-plus","tag-formazione","tag-progetti"],"yoast_head":"<!-- This site is optimized with the Yoast SEO plugin v27.1.1 - https:\/\/yoast.com\/product\/yoast-seo-wordpress\/ -->\n<title>Webinar Fit for the Future: diversit\u00e0 e inclusione nel lavoro<\/title>\n<meta name=\"description\" content=\"Partecipa al webinar Fit for the Future per approfondire leadership rigenerativa, diversit\u00e0 e inclusione nel mondo lavorativo.\" \/>\n<meta name=\"robots\" content=\"index, follow, max-snippet:-1, max-image-preview:large, max-video-preview:-1\" \/>\n<link rel=\"canonical\" href=\"https:\/\/polygonal.ngo\/it\/webinar-fit-for-the-future-inclusione-lavoro\/\" \/>\n<meta property=\"og:locale\" content=\"it_IT\" \/>\n<meta property=\"og:type\" content=\"article\" \/>\n<meta property=\"og:title\" content=\"Webinar Fit for the Future: diversit\u00e0 e inclusione nel lavoro\" \/>\n<meta property=\"og:description\" content=\"Partecipa al webinar Fit for the Future per approfondire leadership rigenerativa, diversit\u00e0 e inclusione nel mondo lavorativo.\" \/>\n<meta property=\"og:url\" content=\"https:\/\/polygonal.ngo\/it\/webinar-fit-for-the-future-inclusione-lavoro\/\" \/>\n<meta property=\"og:site_name\" content=\"APS Polygonal\" \/>\n<meta property=\"article:publisher\" content=\"https:\/\/www.facebook.com\/polygonal.ngo\" \/>\n<meta property=\"article:published_time\" content=\"2026-03-06T14:08:29+00:00\" \/>\n<meta property=\"article:modified_time\" content=\"2026-03-18T16:37:29+00:00\" \/>\n<meta property=\"og:image\" content=\"https:\/\/polygonal.ngo\/wp-content\/uploads\/2026\/03\/7.jpg\" \/>\n\t<meta property=\"og:image:width\" content=\"1414\" \/>\n\t<meta property=\"og:image:height\" content=\"2000\" \/>\n\t<meta property=\"og:image:type\" content=\"image\/jpeg\" \/>\n<meta name=\"author\" content=\"gzita\" \/>\n<meta name=\"twitter:card\" content=\"summary_large_image\" \/>\n<meta name=\"twitter:title\" content=\"Webinar Fit for the Future: diversit\u00e0 e inclusione nel lavoro\" \/>\n<meta name=\"twitter:description\" content=\"Partecipa al webinar Fit for the Future per approfondire leadership rigenerativa, diversit\u00e0 e inclusione nel mondo lavorativo.\" \/>\n<meta name=\"twitter:image\" content=\"https:\/\/polygonal.ngo\/wp-content\/uploads\/2026\/03\/7.jpg\" \/>\n<meta name=\"twitter:creator\" content=\"@publicmaker\" \/>\n<meta name=\"twitter:site\" content=\"@publicmaker\" \/>\n<meta name=\"twitter:label1\" content=\"Scritto da\" \/>\n\t<meta name=\"twitter:data1\" content=\"gzita\" \/>\n\t<meta name=\"twitter:label2\" content=\"Tempo di lettura stimato\" \/>\n\t<meta name=\"twitter:data2\" content=\"2 minuti\" \/>\n<script type=\"application\/ld+json\" class=\"yoast-schema-graph\">{\"@context\":\"https:\/\/schema.org\",\"@graph\":[{\"@type\":\"Article\",\"@id\":\"https:\/\/polygonal.ngo\/it\/webinar-fit-for-the-future-inclusione-lavoro\/#article\",\"isPartOf\":{\"@id\":\"https:\/\/polygonal.ngo\/it\/webinar-fit-for-the-future-inclusione-lavoro\/\"},\"author\":{\"name\":\"gzita\",\"@id\":\"https:\/\/polygonal.ngo\/it\/#\/schema\/person\/79e6e3059bce040205f7e9f92ba3e345\"},\"headline\":\"Webinar Fit for the Future: diversit\u00e0 e inclusione nel lavoro\",\"datePublished\":\"2026-03-06T14:08:29+00:00\",\"dateModified\":\"2026-03-18T16:37:29+00:00\",\"mainEntityOfPage\":{\"@id\":\"https:\/\/polygonal.ngo\/it\/webinar-fit-for-the-future-inclusione-lavoro\/\"},\"wordCount\":324,\"publisher\":{\"@id\":\"https:\/\/polygonal.ngo\/it\/#organization\"},\"image\":{\"@id\":\"https:\/\/polygonal.ngo\/it\/webinar-fit-for-the-future-inclusione-lavoro\/#primaryimage\"},\"thumbnailUrl\":\"https:\/\/polygonal.ngo\/wp-content\/uploads\/2026\/03\/7.jpg\",\"keywords\":[\"Erasmus plus\",\"formazione\",\"progetti\"],\"articleSection\":[\"Educazione\",\"Equit\u00e0\",\"Progetti\"],\"inLanguage\":\"it-IT\"},{\"@type\":\"WebPage\",\"@id\":\"https:\/\/polygonal.ngo\/it\/webinar-fit-for-the-future-inclusione-lavoro\/\",\"url\":\"https:\/\/polygonal.ngo\/it\/webinar-fit-for-the-future-inclusione-lavoro\/\",\"name\":\"Webinar Fit for the Future: diversit\u00e0 e inclusione nel lavoro\",\"isPartOf\":{\"@id\":\"https:\/\/polygonal.ngo\/it\/#website\"},\"primaryImageOfPage\":{\"@id\":\"https:\/\/polygonal.ngo\/it\/webinar-fit-for-the-future-inclusione-lavoro\/#primaryimage\"},\"image\":{\"@id\":\"https:\/\/polygonal.ngo\/it\/webinar-fit-for-the-future-inclusione-lavoro\/#primaryimage\"},\"thumbnailUrl\":\"https:\/\/polygonal.ngo\/wp-content\/uploads\/2026\/03\/7.jpg\",\"datePublished\":\"2026-03-06T14:08:29+00:00\",\"dateModified\":\"2026-03-18T16:37:29+00:00\",\"description\":\"Partecipa al webinar Fit for the Future per approfondire leadership rigenerativa, diversit\u00e0 e inclusione nel mondo lavorativo.\",\"breadcrumb\":{\"@id\":\"https:\/\/polygonal.ngo\/it\/webinar-fit-for-the-future-inclusione-lavoro\/#breadcrumb\"},\"inLanguage\":\"it-IT\",\"potentialAction\":[{\"@type\":\"ReadAction\",\"target\":[\"https:\/\/polygonal.ngo\/it\/webinar-fit-for-the-future-inclusione-lavoro\/\"]}]},{\"@type\":\"ImageObject\",\"inLanguage\":\"it-IT\",\"@id\":\"https:\/\/polygonal.ngo\/it\/webinar-fit-for-the-future-inclusione-lavoro\/#primaryimage\",\"url\":\"https:\/\/polygonal.ngo\/wp-content\/uploads\/2026\/03\/7.jpg\",\"contentUrl\":\"https:\/\/polygonal.ngo\/wp-content\/uploads\/2026\/03\/7.jpg\",\"width\":1414,\"height\":2000},{\"@type\":\"BreadcrumbList\",\"@id\":\"https:\/\/polygonal.ngo\/it\/webinar-fit-for-the-future-inclusione-lavoro\/#breadcrumb\",\"itemListElement\":[{\"@type\":\"ListItem\",\"position\":1,\"name\":\"Home\",\"item\":\"https:\/\/polygonal.ngo\/it\/\"},{\"@type\":\"ListItem\",\"position\":2,\"name\":\"Webinar Fit for the Future: diversit\u00e0 e inclusione nel lavoro\"}]},{\"@type\":\"WebSite\",\"@id\":\"https:\/\/polygonal.ngo\/it\/#website\",\"url\":\"https:\/\/polygonal.ngo\/it\/\",\"name\":\"APS Polygonal\",\"description\":\"Polygonal \u00e8 una comunit\u00e0 giovanile focalizzata sull&#039;educazione digitale per il cambiamento sociale\",\"publisher\":{\"@id\":\"https:\/\/polygonal.ngo\/it\/#organization\"},\"potentialAction\":[{\"@type\":\"SearchAction\",\"target\":{\"@type\":\"EntryPoint\",\"urlTemplate\":\"https:\/\/polygonal.ngo\/it\/?s={search_term_string}\"},\"query-input\":{\"@type\":\"PropertyValueSpecification\",\"valueRequired\":true,\"valueName\":\"search_term_string\"}}],\"inLanguage\":\"it-IT\"},{\"@type\":\"Organization\",\"@id\":\"https:\/\/polygonal.ngo\/it\/#organization\",\"name\":\"APS Polygonal\",\"url\":\"https:\/\/polygonal.ngo\/it\/\",\"logo\":{\"@type\":\"ImageObject\",\"inLanguage\":\"it-IT\",\"@id\":\"https:\/\/polygonal.ngo\/it\/#\/schema\/logo\/image\/\",\"url\":\"https:\/\/polygonal.ngo\/wp-content\/uploads\/2026\/01\/logo-nero.webp\",\"contentUrl\":\"https:\/\/polygonal.ngo\/wp-content\/uploads\/2026\/01\/logo-nero.webp\",\"width\":512,\"height\":512,\"caption\":\"APS Polygonal\"},\"image\":{\"@id\":\"https:\/\/polygonal.ngo\/it\/#\/schema\/logo\/image\/\"},\"sameAs\":[\"https:\/\/www.facebook.com\/polygonal.ngo\",\"https:\/\/x.com\/publicmaker\",\"https:\/\/www.instagram.com\/polygonal.ngo\",\"https:\/\/it.linkedin.com\/company\/polygonalngo\"]},{\"@type\":\"Person\",\"@id\":\"https:\/\/polygonal.ngo\/it\/#\/schema\/person\/79e6e3059bce040205f7e9f92ba3e345\",\"name\":\"gzita\",\"url\":\"https:\/\/polygonal.ngo\/it\/author\/gzita\/\"}]}<\/script>\n<!-- \/ Yoast SEO plugin. -->","yoast_head_json":{"title":"Webinar Fit for the Future: diversit\u00e0 e inclusione nel lavoro","description":"Partecipa al webinar Fit for the Future per approfondire leadership rigenerativa, diversit\u00e0 e inclusione nel mondo lavorativo.","robots":{"index":"index","follow":"follow","max-snippet":"max-snippet:-1","max-image-preview":"max-image-preview:large","max-video-preview":"max-video-preview:-1"},"canonical":"https:\/\/polygonal.ngo\/it\/webinar-fit-for-the-future-inclusione-lavoro\/","og_locale":"it_IT","og_type":"article","og_title":"Webinar Fit for the Future: diversit\u00e0 e inclusione nel lavoro","og_description":"Partecipa al webinar Fit for the Future per approfondire leadership rigenerativa, diversit\u00e0 e inclusione nel mondo lavorativo.","og_url":"https:\/\/polygonal.ngo\/it\/webinar-fit-for-the-future-inclusione-lavoro\/","og_site_name":"APS Polygonal","article_publisher":"https:\/\/www.facebook.com\/polygonal.ngo","article_published_time":"2026-03-06T14:08:29+00:00","article_modified_time":"2026-03-18T16:37:29+00:00","og_image":[{"width":1414,"height":2000,"url":"https:\/\/polygonal.ngo\/wp-content\/uploads\/2026\/03\/7.jpg","type":"image\/jpeg"}],"author":"gzita","twitter_card":"summary_large_image","twitter_title":"Webinar Fit for the Future: diversit\u00e0 e inclusione nel lavoro","twitter_description":"Partecipa al webinar Fit for the Future per approfondire leadership rigenerativa, diversit\u00e0 e inclusione nel mondo lavorativo.","twitter_image":"https:\/\/polygonal.ngo\/wp-content\/uploads\/2026\/03\/7.jpg","twitter_creator":"@publicmaker","twitter_site":"@publicmaker","twitter_misc":{"Scritto da":"gzita","Tempo di lettura stimato":"2 minuti"},"schema":{"@context":"https:\/\/schema.org","@graph":[{"@type":"Article","@id":"https:\/\/polygonal.ngo\/it\/webinar-fit-for-the-future-inclusione-lavoro\/#article","isPartOf":{"@id":"https:\/\/polygonal.ngo\/it\/webinar-fit-for-the-future-inclusione-lavoro\/"},"author":{"name":"gzita","@id":"https:\/\/polygonal.ngo\/it\/#\/schema\/person\/79e6e3059bce040205f7e9f92ba3e345"},"headline":"Webinar Fit for the Future: diversit\u00e0 e inclusione nel lavoro","datePublished":"2026-03-06T14:08:29+00:00","dateModified":"2026-03-18T16:37:29+00:00","mainEntityOfPage":{"@id":"https:\/\/polygonal.ngo\/it\/webinar-fit-for-the-future-inclusione-lavoro\/"},"wordCount":324,"publisher":{"@id":"https:\/\/polygonal.ngo\/it\/#organization"},"image":{"@id":"https:\/\/polygonal.ngo\/it\/webinar-fit-for-the-future-inclusione-lavoro\/#primaryimage"},"thumbnailUrl":"https:\/\/polygonal.ngo\/wp-content\/uploads\/2026\/03\/7.jpg","keywords":["Erasmus plus","formazione","progetti"],"articleSection":["Educazione","Equit\u00e0","Progetti"],"inLanguage":"it-IT"},{"@type":"WebPage","@id":"https:\/\/polygonal.ngo\/it\/webinar-fit-for-the-future-inclusione-lavoro\/","url":"https:\/\/polygonal.ngo\/it\/webinar-fit-for-the-future-inclusione-lavoro\/","name":"Webinar Fit for the Future: diversit\u00e0 e inclusione nel lavoro","isPartOf":{"@id":"https:\/\/polygonal.ngo\/it\/#website"},"primaryImageOfPage":{"@id":"https:\/\/polygonal.ngo\/it\/webinar-fit-for-the-future-inclusione-lavoro\/#primaryimage"},"image":{"@id":"https:\/\/polygonal.ngo\/it\/webinar-fit-for-the-future-inclusione-lavoro\/#primaryimage"},"thumbnailUrl":"https:\/\/polygonal.ngo\/wp-content\/uploads\/2026\/03\/7.jpg","datePublished":"2026-03-06T14:08:29+00:00","dateModified":"2026-03-18T16:37:29+00:00","description":"Partecipa al webinar Fit for the Future per approfondire leadership rigenerativa, diversit\u00e0 e inclusione nel mondo lavorativo.","breadcrumb":{"@id":"https:\/\/polygonal.ngo\/it\/webinar-fit-for-the-future-inclusione-lavoro\/#breadcrumb"},"inLanguage":"it-IT","potentialAction":[{"@type":"ReadAction","target":["https:\/\/polygonal.ngo\/it\/webinar-fit-for-the-future-inclusione-lavoro\/"]}]},{"@type":"ImageObject","inLanguage":"it-IT","@id":"https:\/\/polygonal.ngo\/it\/webinar-fit-for-the-future-inclusione-lavoro\/#primaryimage","url":"https:\/\/polygonal.ngo\/wp-content\/uploads\/2026\/03\/7.jpg","contentUrl":"https:\/\/polygonal.ngo\/wp-content\/uploads\/2026\/03\/7.jpg","width":1414,"height":2000},{"@type":"BreadcrumbList","@id":"https:\/\/polygonal.ngo\/it\/webinar-fit-for-the-future-inclusione-lavoro\/#breadcrumb","itemListElement":[{"@type":"ListItem","position":1,"name":"Home","item":"https:\/\/polygonal.ngo\/it\/"},{"@type":"ListItem","position":2,"name":"Webinar Fit for the Future: diversit\u00e0 e inclusione nel lavoro"}]},{"@type":"WebSite","@id":"https:\/\/polygonal.ngo\/it\/#website","url":"https:\/\/polygonal.ngo\/it\/","name":"APS Polygonal","description":"Polygonal \u00e8 una comunit\u00e0 giovanile focalizzata sull&#039;educazione digitale per il cambiamento sociale","publisher":{"@id":"https:\/\/polygonal.ngo\/it\/#organization"},"potentialAction":[{"@type":"SearchAction","target":{"@type":"EntryPoint","urlTemplate":"https:\/\/polygonal.ngo\/it\/?s={search_term_string}"},"query-input":{"@type":"PropertyValueSpecification","valueRequired":true,"valueName":"search_term_string"}}],"inLanguage":"it-IT"},{"@type":"Organization","@id":"https:\/\/polygonal.ngo\/it\/#organization","name":"APS Polygonal","url":"https:\/\/polygonal.ngo\/it\/","logo":{"@type":"ImageObject","inLanguage":"it-IT","@id":"https:\/\/polygonal.ngo\/it\/#\/schema\/logo\/image\/","url":"https:\/\/polygonal.ngo\/wp-content\/uploads\/2026\/01\/logo-nero.webp","contentUrl":"https:\/\/polygonal.ngo\/wp-content\/uploads\/2026\/01\/logo-nero.webp","width":512,"height":512,"caption":"APS Polygonal"},"image":{"@id":"https:\/\/polygonal.ngo\/it\/#\/schema\/logo\/image\/"},"sameAs":["https:\/\/www.facebook.com\/polygonal.ngo","https:\/\/x.com\/publicmaker","https:\/\/www.instagram.com\/polygonal.ngo","https:\/\/it.linkedin.com\/company\/polygonalngo"]},{"@type":"Person","@id":"https:\/\/polygonal.ngo\/it\/#\/schema\/person\/79e6e3059bce040205f7e9f92ba3e345","name":"gzita","url":"https:\/\/polygonal.ngo\/it\/author\/gzita\/"}]}},"_links":{"self":[{"href":"https:\/\/polygonal.ngo\/it\/wp-json\/wp\/v2\/posts\/1488","targetHints":{"allow":["GET"]}}],"collection":[{"href":"https:\/\/polygonal.ngo\/it\/wp-json\/wp\/v2\/posts"}],"about":[{"href":"https:\/\/polygonal.ngo\/it\/wp-json\/wp\/v2\/types\/post"}],"author":[{"embeddable":true,"href":"https:\/\/polygonal.ngo\/it\/wp-json\/wp\/v2\/users\/3"}],"replies":[{"embeddable":true,"href":"https:\/\/polygonal.ngo\/it\/wp-json\/wp\/v2\/comments?post=1488"}],"version-history":[{"count":3,"href":"https:\/\/polygonal.ngo\/it\/wp-json\/wp\/v2\/posts\/1488\/revisions"}],"predecessor-version":[{"id":1600,"href":"https:\/\/polygonal.ngo\/it\/wp-json\/wp\/v2\/posts\/1488\/revisions\/1600"}],"wp:featuredmedia":[{"embeddable":true,"href":"https:\/\/polygonal.ngo\/it\/wp-json\/wp\/v2\/media\/1489"}],"wp:attachment":[{"href":"https:\/\/polygonal.ngo\/it\/wp-json\/wp\/v2\/media?parent=1488"}],"wp:term":[{"taxonomy":"category","embeddable":true,"href":"https:\/\/polygonal.ngo\/it\/wp-json\/wp\/v2\/categories?post=1488"},{"taxonomy":"post_tag","embeddable":true,"href":"https:\/\/polygonal.ngo\/it\/wp-json\/wp\/v2\/tags?post=1488"}],"curies":[{"name":"wp","href":"https:\/\/api.w.org\/{rel}","templated":true}]}}