{"id":1731,"date":"2026-04-02T09:24:28","date_gmt":"2026-04-02T08:24:28","guid":{"rendered":"https:\/\/polygonal.ngo\/?p=1731"},"modified":"2026-04-02T11:08:20","modified_gmt":"2026-04-02T10:08:20","slug":"youth-trails-viseu-ecoturismo-portogallo","status":"publish","type":"post","link":"https:\/\/polygonal.ngo\/it\/youth-trails-viseu-ecoturismo-portogallo\/","title":{"rendered":"Youth TRAILS Viseu: Ecoturismo e Mobilit\u00e0 in Portogallo"},"content":{"rendered":"\n<p>Nell&#8217;ultima settimana di marzo 2026, si \u00e8 conclusa con successo la mobilit\u00e0 giovanile <strong>Youth TRAILS Viseu<\/strong>. Questo evento rappresenta un pilastro fondamentale del progetto europeo per le aree periferiche. Infatti, dal 23 al 27 marzo, la citt\u00e0 portoghese ha accolto 18 giovani talenti. <strong>In primo luogo<\/strong>, l&#8217;iniziativa ha favorito l&#8217;incontro tra culture diverse. <strong>Inoltre<\/strong>, i partecipanti hanno potuto <a target=\"_blank\" rel=\"noreferrer noopener\" href=\"https:\/\/www.google.com\/search?q=https:\/\/tuosito.it\/progetti-erasmus\">scoprire di pi\u00f9 sui nostri progetti Erasmus+<\/a> legati all&#8217;ambiente.<\/p>\n\n\n\n<h3 class=\"wp-block-heading\">Il ruolo di Adamastor nella mobilit\u00e0 giovanile<\/h3>\n\n\n\n<p>L&#8217;organizzazione \u00e8 stata affidata ad <strong>Adamastor &#8211; Associa\u00e7\u00e3o Cultural<\/strong>. <strong>Certamente<\/strong>, questo partner ha gestito in modo eccellente l&#8217;Ostello Internazionale della Giovent\u00f9 locale. Durante la settimana, i ragazzi hanno lavorato in piccoli gruppi. <strong>Di conseguenza<\/strong>, hanno identificato nuovi percorsi naturalistici. Grazie al supporto del <a target=\"_blank\" rel=\"noreferrer noopener\" href=\"https:\/\/erasmus-plus.ec.europa.eu\/\">programma ufficiale Erasmus+<\/a>, i giovani hanno appreso tecniche di mappatura. <strong>Tuttavia<\/strong>, il lavoro non \u00e8 stato solo teorico. <strong>Al contrario<\/strong>, i ragazzi hanno testato i sentieri direttamente sul campo.<\/p>\n\n\n\n<h3 class=\"wp-block-heading\">Risultati tangibili: mappe digitali e contenuti multimediali<\/h3>\n\n\n\n<p>L&#8217;attivit\u00e0 ha prodotto risultati molto concreti. <strong>Per esempio<\/strong>, i protagonisti di <strong>Youth TRAILS Viseu<\/strong> hanno creato mappe digitali interattive. Questi strumenti guideranno i futuri turisti tra itinerari sostenibili. <strong>In aggiunta<\/strong>, il gruppo ha realizzato video-racconti di alta qualit\u00e0.<\/p>\n\n\n\n<p><strong>In conclusione<\/strong>, l&#8217;esperienza in Portogallo \u00e8 stata un grande successo. <strong>Sicuramente<\/strong>, il coinvolgimento dei giovani \u00e8 fondamentale per lo sviluppo rurale. <strong>Pertanto<\/strong>, la mobilit\u00e0 di <strong>Youth TRAILS Viseu<\/strong> resta un modello per il futuro. <strong>Infatti<\/strong>, la combinazione di digitale e natura \u00e8 la strada giusta.<\/p>\n\n\n\n<figure class=\"wp-block-gallery has-nested-images columns-default is-cropped wp-block-gallery-1 is-layout-flex wp-block-gallery-is-layout-flex\">\n<figure class=\"wp-block-image size-large\"><img fetchpriority=\"high\" decoding=\"async\" width=\"1080\" height=\"1350\" data-id=\"1738\" src=\"https:\/\/polygonal.ngo\/wp-content\/uploads\/2026\/04\/4-819x1024.jpg\" alt=\"\" class=\"wp-image-1738\" srcset=\"https:\/\/polygonal.ngo\/wp-content\/uploads\/2026\/04\/4-819x1024.jpg 819w, https:\/\/polygonal.ngo\/wp-content\/uploads\/2026\/04\/4-240x300.jpg 240w, https:\/\/polygonal.ngo\/wp-content\/uploads\/2026\/04\/4-768x960.jpg 768w, https:\/\/polygonal.ngo\/wp-content\/uploads\/2026\/04\/4.jpg 1080w\" sizes=\"(max-width: 1080px) 100vw, 1080px\" \/><\/figure>\n\n\n\n<figure class=\"wp-block-image size-large\"><img decoding=\"async\" width=\"819\" height=\"1024\" data-id=\"1734\" src=\"https:\/\/polygonal.ngo\/wp-content\/uploads\/2026\/04\/6-1-819x1024.jpg\" alt=\"\" class=\"wp-image-1734\" srcset=\"https:\/\/polygonal.ngo\/wp-content\/uploads\/2026\/04\/6-1-819x1024.jpg 819w, https:\/\/polygonal.ngo\/wp-content\/uploads\/2026\/04\/6-1-240x300.jpg 240w, https:\/\/polygonal.ngo\/wp-content\/uploads\/2026\/04\/6-1-768x960.jpg 768w, https:\/\/polygonal.ngo\/wp-content\/uploads\/2026\/04\/6-1.jpg 1080w\" sizes=\"(max-width: 819px) 100vw, 819px\" \/><\/figure>\n\n\n\n<figure class=\"wp-block-image size-large\"><img decoding=\"async\" width=\"819\" height=\"1024\" data-id=\"1735\" src=\"https:\/\/polygonal.ngo\/wp-content\/uploads\/2026\/04\/8-819x1024.jpg\" alt=\"\" class=\"wp-image-1735\" srcset=\"https:\/\/polygonal.ngo\/wp-content\/uploads\/2026\/04\/8-819x1024.jpg 819w, https:\/\/polygonal.ngo\/wp-content\/uploads\/2026\/04\/8-240x300.jpg 240w, https:\/\/polygonal.ngo\/wp-content\/uploads\/2026\/04\/8-768x960.jpg 768w, https:\/\/polygonal.ngo\/wp-content\/uploads\/2026\/04\/8.jpg 1080w\" sizes=\"(max-width: 819px) 100vw, 819px\" \/><\/figure>\n<\/figure>\n","protected":false},"excerpt":{"rendered":"<p>Youth TRAILS a Viseu, dove i giovani hanno creato mappe digitali e itinerari sostenibili in Portogallo. <\/p>\n","protected":false},"author":3,"featured_media":1734,"comment_status":"closed","ping_status":"closed","sticky":false,"template":"","format":"standard","meta":{"footnotes":""},"categories":[114,115,116],"tags":[30,89,31,74],"class_list":["post-1731","post","type-post","status-publish","format-standard","has-post-thumbnail","hentry","category-green","category-progetti","category-sostenibilita","tag-erasmus-plus","tag-green","tag-progetti","tag-sostenibilita"],"yoast_head":"<!-- This site is optimized with the Yoast SEO plugin v27.1.1 - https:\/\/yoast.com\/product\/yoast-seo-wordpress\/ -->\n<title>Youth TRAILS Viseu: Ecoturismo e Mobilit\u00e0 in Portogallo<\/title>\n<meta name=\"description\" content=\"Scopri la mobilit\u00e0 Youth TRAILS Viseu, dove i giovani hanno creato mappe digitali e itinerari sostenibili in Portogallo.\" \/>\n<meta name=\"robots\" content=\"index, follow, max-snippet:-1, max-image-preview:large, max-video-preview:-1\" \/>\n<link rel=\"canonical\" href=\"https:\/\/polygonal.ngo\/it\/youth-trails-viseu-ecoturismo-portogallo\/\" \/>\n<meta property=\"og:locale\" content=\"it_IT\" \/>\n<meta property=\"og:type\" content=\"article\" \/>\n<meta property=\"og:title\" content=\"Youth TRAILS Viseu: Ecoturismo e Mobilit\u00e0 in Portogallo\" \/>\n<meta property=\"og:description\" content=\"Scopri la mobilit\u00e0 Youth TRAILS Viseu, dove i giovani hanno creato mappe digitali e itinerari sostenibili in Portogallo.\" \/>\n<meta property=\"og:url\" content=\"https:\/\/polygonal.ngo\/it\/youth-trails-viseu-ecoturismo-portogallo\/\" \/>\n<meta property=\"og:site_name\" content=\"APS Polygonal\" \/>\n<meta property=\"article:publisher\" content=\"https:\/\/www.facebook.com\/polygonal.ngo\" \/>\n<meta property=\"article:published_time\" content=\"2026-04-02T08:24:28+00:00\" \/>\n<meta property=\"article:modified_time\" content=\"2026-04-02T10:08:20+00:00\" \/>\n<meta property=\"og:image\" content=\"https:\/\/polygonal.ngo\/wp-content\/uploads\/2026\/04\/6.jpg\" \/>\n\t<meta property=\"og:image:width\" content=\"1080\" \/>\n\t<meta property=\"og:image:height\" content=\"1350\" \/>\n\t<meta property=\"og:image:type\" content=\"image\/jpeg\" \/>\n<meta name=\"author\" content=\"gzita\" \/>\n<meta name=\"twitter:card\" content=\"summary_large_image\" \/>\n<meta name=\"twitter:title\" content=\"Youth TRAILS Viseu: Ecoturismo e Mobilit\u00e0 in Portogallo\" \/>\n<meta name=\"twitter:description\" content=\"Scopri la mobilit\u00e0 Youth TRAILS Viseu, dove i giovani hanno creato mappe digitali e itinerari sostenibili in Portogallo.\" \/>\n<meta name=\"twitter:image\" content=\"https:\/\/polygonal.ngo\/wp-content\/uploads\/2026\/04\/6.jpg\" \/>\n<meta name=\"twitter:creator\" content=\"@publicmaker\" \/>\n<meta name=\"twitter:site\" content=\"@publicmaker\" \/>\n<meta name=\"twitter:label1\" content=\"Scritto da\" \/>\n\t<meta name=\"twitter:data1\" content=\"gzita\" \/>\n\t<meta name=\"twitter:label2\" content=\"Tempo di lettura stimato\" \/>\n\t<meta name=\"twitter:data2\" content=\"2 minuti\" \/>\n<script type=\"application\/ld+json\" class=\"yoast-schema-graph\">{\"@context\":\"https:\/\/schema.org\",\"@graph\":[{\"@type\":\"Article\",\"@id\":\"https:\/\/polygonal.ngo\/it\/youth-trails-viseu-ecoturismo-portogallo\/#article\",\"isPartOf\":{\"@id\":\"https:\/\/polygonal.ngo\/it\/youth-trails-viseu-ecoturismo-portogallo\/\"},\"author\":{\"name\":\"gzita\",\"@id\":\"https:\/\/polygonal.ngo\/it\/#\/schema\/person\/79e6e3059bce040205f7e9f92ba3e345\"},\"headline\":\"Youth TRAILS Viseu: Ecoturismo e Mobilit\u00e0 in Portogallo\",\"datePublished\":\"2026-04-02T08:24:28+00:00\",\"dateModified\":\"2026-04-02T10:08:20+00:00\",\"mainEntityOfPage\":{\"@id\":\"https:\/\/polygonal.ngo\/it\/youth-trails-viseu-ecoturismo-portogallo\/\"},\"wordCount\":243,\"publisher\":{\"@id\":\"https:\/\/polygonal.ngo\/it\/#organization\"},\"image\":{\"@id\":\"https:\/\/polygonal.ngo\/it\/youth-trails-viseu-ecoturismo-portogallo\/#primaryimage\"},\"thumbnailUrl\":\"https:\/\/polygonal.ngo\/wp-content\/uploads\/2026\/04\/6-1.jpg\",\"keywords\":[\"Erasmus plus\",\"green\",\"progetti\",\"sostenibilit\u00e0\"],\"articleSection\":[\"Green\",\"Progetti\",\"Sostenibilit\u00e0\"],\"inLanguage\":\"it-IT\"},{\"@type\":\"WebPage\",\"@id\":\"https:\/\/polygonal.ngo\/it\/youth-trails-viseu-ecoturismo-portogallo\/\",\"url\":\"https:\/\/polygonal.ngo\/it\/youth-trails-viseu-ecoturismo-portogallo\/\",\"name\":\"Youth TRAILS Viseu: Ecoturismo e Mobilit\u00e0 in Portogallo\",\"isPartOf\":{\"@id\":\"https:\/\/polygonal.ngo\/it\/#website\"},\"primaryImageOfPage\":{\"@id\":\"https:\/\/polygonal.ngo\/it\/youth-trails-viseu-ecoturismo-portogallo\/#primaryimage\"},\"image\":{\"@id\":\"https:\/\/polygonal.ngo\/it\/youth-trails-viseu-ecoturismo-portogallo\/#primaryimage\"},\"thumbnailUrl\":\"https:\/\/polygonal.ngo\/wp-content\/uploads\/2026\/04\/6-1.jpg\",\"datePublished\":\"2026-04-02T08:24:28+00:00\",\"dateModified\":\"2026-04-02T10:08:20+00:00\",\"description\":\"Scopri la mobilit\u00e0 Youth TRAILS Viseu, dove i giovani hanno creato mappe digitali e itinerari sostenibili in Portogallo.\",\"breadcrumb\":{\"@id\":\"https:\/\/polygonal.ngo\/it\/youth-trails-viseu-ecoturismo-portogallo\/#breadcrumb\"},\"inLanguage\":\"it-IT\",\"potentialAction\":[{\"@type\":\"ReadAction\",\"target\":[\"https:\/\/polygonal.ngo\/it\/youth-trails-viseu-ecoturismo-portogallo\/\"]}]},{\"@type\":\"ImageObject\",\"inLanguage\":\"it-IT\",\"@id\":\"https:\/\/polygonal.ngo\/it\/youth-trails-viseu-ecoturismo-portogallo\/#primaryimage\",\"url\":\"https:\/\/polygonal.ngo\/wp-content\/uploads\/2026\/04\/6-1.jpg\",\"contentUrl\":\"https:\/\/polygonal.ngo\/wp-content\/uploads\/2026\/04\/6-1.jpg\",\"width\":1080,\"height\":1350},{\"@type\":\"BreadcrumbList\",\"@id\":\"https:\/\/polygonal.ngo\/it\/youth-trails-viseu-ecoturismo-portogallo\/#breadcrumb\",\"itemListElement\":[{\"@type\":\"ListItem\",\"position\":1,\"name\":\"Home\",\"item\":\"https:\/\/polygonal.ngo\/it\/\"},{\"@type\":\"ListItem\",\"position\":2,\"name\":\"Youth TRAILS Viseu: Ecoturismo e Mobilit\u00e0 in Portogallo\"}]},{\"@type\":\"WebSite\",\"@id\":\"https:\/\/polygonal.ngo\/it\/#website\",\"url\":\"https:\/\/polygonal.ngo\/it\/\",\"name\":\"APS Polygonal\",\"description\":\"Polygonal \u00e8 una comunit\u00e0 giovanile focalizzata sull&#039;educazione digitale per il cambiamento sociale\",\"publisher\":{\"@id\":\"https:\/\/polygonal.ngo\/it\/#organization\"},\"potentialAction\":[{\"@type\":\"SearchAction\",\"target\":{\"@type\":\"EntryPoint\",\"urlTemplate\":\"https:\/\/polygonal.ngo\/it\/?s={search_term_string}\"},\"query-input\":{\"@type\":\"PropertyValueSpecification\",\"valueRequired\":true,\"valueName\":\"search_term_string\"}}],\"inLanguage\":\"it-IT\"},{\"@type\":\"Organization\",\"@id\":\"https:\/\/polygonal.ngo\/it\/#organization\",\"name\":\"APS Polygonal\",\"url\":\"https:\/\/polygonal.ngo\/it\/\",\"logo\":{\"@type\":\"ImageObject\",\"inLanguage\":\"it-IT\",\"@id\":\"https:\/\/polygonal.ngo\/it\/#\/schema\/logo\/image\/\",\"url\":\"https:\/\/polygonal.ngo\/wp-content\/uploads\/2026\/01\/logo-nero.webp\",\"contentUrl\":\"https:\/\/polygonal.ngo\/wp-content\/uploads\/2026\/01\/logo-nero.webp\",\"width\":512,\"height\":512,\"caption\":\"APS Polygonal\"},\"image\":{\"@id\":\"https:\/\/polygonal.ngo\/it\/#\/schema\/logo\/image\/\"},\"sameAs\":[\"https:\/\/www.facebook.com\/polygonal.ngo\",\"https:\/\/x.com\/publicmaker\",\"https:\/\/www.instagram.com\/polygonal.ngo\",\"https:\/\/it.linkedin.com\/company\/polygonalngo\"]},{\"@type\":\"Person\",\"@id\":\"https:\/\/polygonal.ngo\/it\/#\/schema\/person\/79e6e3059bce040205f7e9f92ba3e345\",\"name\":\"gzita\",\"url\":\"https:\/\/polygonal.ngo\/it\/author\/gzita\/\"}]}<\/script>\n<!-- \/ Yoast SEO plugin. -->","yoast_head_json":{"title":"Youth TRAILS Viseu: Ecoturismo e Mobilit\u00e0 in Portogallo","description":"Scopri la mobilit\u00e0 Youth TRAILS Viseu, dove i giovani hanno creato mappe digitali e itinerari sostenibili in Portogallo.","robots":{"index":"index","follow":"follow","max-snippet":"max-snippet:-1","max-image-preview":"max-image-preview:large","max-video-preview":"max-video-preview:-1"},"canonical":"https:\/\/polygonal.ngo\/it\/youth-trails-viseu-ecoturismo-portogallo\/","og_locale":"it_IT","og_type":"article","og_title":"Youth TRAILS Viseu: Ecoturismo e Mobilit\u00e0 in Portogallo","og_description":"Scopri la mobilit\u00e0 Youth TRAILS Viseu, dove i giovani hanno creato mappe digitali e itinerari sostenibili in Portogallo.","og_url":"https:\/\/polygonal.ngo\/it\/youth-trails-viseu-ecoturismo-portogallo\/","og_site_name":"APS Polygonal","article_publisher":"https:\/\/www.facebook.com\/polygonal.ngo","article_published_time":"2026-04-02T08:24:28+00:00","article_modified_time":"2026-04-02T10:08:20+00:00","og_image":[{"width":1080,"height":1350,"url":"https:\/\/polygonal.ngo\/wp-content\/uploads\/2026\/04\/6.jpg","type":"image\/jpeg"}],"author":"gzita","twitter_card":"summary_large_image","twitter_title":"Youth TRAILS Viseu: Ecoturismo e Mobilit\u00e0 in Portogallo","twitter_description":"Scopri la mobilit\u00e0 Youth TRAILS Viseu, dove i giovani hanno creato mappe digitali e itinerari sostenibili in Portogallo.","twitter_image":"https:\/\/polygonal.ngo\/wp-content\/uploads\/2026\/04\/6.jpg","twitter_creator":"@publicmaker","twitter_site":"@publicmaker","twitter_misc":{"Scritto da":"gzita","Tempo di lettura stimato":"2 minuti"},"schema":{"@context":"https:\/\/schema.org","@graph":[{"@type":"Article","@id":"https:\/\/polygonal.ngo\/it\/youth-trails-viseu-ecoturismo-portogallo\/#article","isPartOf":{"@id":"https:\/\/polygonal.ngo\/it\/youth-trails-viseu-ecoturismo-portogallo\/"},"author":{"name":"gzita","@id":"https:\/\/polygonal.ngo\/it\/#\/schema\/person\/79e6e3059bce040205f7e9f92ba3e345"},"headline":"Youth TRAILS Viseu: Ecoturismo e Mobilit\u00e0 in Portogallo","datePublished":"2026-04-02T08:24:28+00:00","dateModified":"2026-04-02T10:08:20+00:00","mainEntityOfPage":{"@id":"https:\/\/polygonal.ngo\/it\/youth-trails-viseu-ecoturismo-portogallo\/"},"wordCount":243,"publisher":{"@id":"https:\/\/polygonal.ngo\/it\/#organization"},"image":{"@id":"https:\/\/polygonal.ngo\/it\/youth-trails-viseu-ecoturismo-portogallo\/#primaryimage"},"thumbnailUrl":"https:\/\/polygonal.ngo\/wp-content\/uploads\/2026\/04\/6-1.jpg","keywords":["Erasmus plus","green","progetti","sostenibilit\u00e0"],"articleSection":["Green","Progetti","Sostenibilit\u00e0"],"inLanguage":"it-IT"},{"@type":"WebPage","@id":"https:\/\/polygonal.ngo\/it\/youth-trails-viseu-ecoturismo-portogallo\/","url":"https:\/\/polygonal.ngo\/it\/youth-trails-viseu-ecoturismo-portogallo\/","name":"Youth TRAILS Viseu: Ecoturismo e Mobilit\u00e0 in Portogallo","isPartOf":{"@id":"https:\/\/polygonal.ngo\/it\/#website"},"primaryImageOfPage":{"@id":"https:\/\/polygonal.ngo\/it\/youth-trails-viseu-ecoturismo-portogallo\/#primaryimage"},"image":{"@id":"https:\/\/polygonal.ngo\/it\/youth-trails-viseu-ecoturismo-portogallo\/#primaryimage"},"thumbnailUrl":"https:\/\/polygonal.ngo\/wp-content\/uploads\/2026\/04\/6-1.jpg","datePublished":"2026-04-02T08:24:28+00:00","dateModified":"2026-04-02T10:08:20+00:00","description":"Scopri la mobilit\u00e0 Youth TRAILS Viseu, dove i giovani hanno creato mappe digitali e itinerari sostenibili in Portogallo.","breadcrumb":{"@id":"https:\/\/polygonal.ngo\/it\/youth-trails-viseu-ecoturismo-portogallo\/#breadcrumb"},"inLanguage":"it-IT","potentialAction":[{"@type":"ReadAction","target":["https:\/\/polygonal.ngo\/it\/youth-trails-viseu-ecoturismo-portogallo\/"]}]},{"@type":"ImageObject","inLanguage":"it-IT","@id":"https:\/\/polygonal.ngo\/it\/youth-trails-viseu-ecoturismo-portogallo\/#primaryimage","url":"https:\/\/polygonal.ngo\/wp-content\/uploads\/2026\/04\/6-1.jpg","contentUrl":"https:\/\/polygonal.ngo\/wp-content\/uploads\/2026\/04\/6-1.jpg","width":1080,"height":1350},{"@type":"BreadcrumbList","@id":"https:\/\/polygonal.ngo\/it\/youth-trails-viseu-ecoturismo-portogallo\/#breadcrumb","itemListElement":[{"@type":"ListItem","position":1,"name":"Home","item":"https:\/\/polygonal.ngo\/it\/"},{"@type":"ListItem","position":2,"name":"Youth TRAILS Viseu: Ecoturismo e Mobilit\u00e0 in Portogallo"}]},{"@type":"WebSite","@id":"https:\/\/polygonal.ngo\/it\/#website","url":"https:\/\/polygonal.ngo\/it\/","name":"APS Polygonal","description":"Polygonal \u00e8 una comunit\u00e0 giovanile focalizzata sull&#039;educazione digitale per il cambiamento sociale","publisher":{"@id":"https:\/\/polygonal.ngo\/it\/#organization"},"potentialAction":[{"@type":"SearchAction","target":{"@type":"EntryPoint","urlTemplate":"https:\/\/polygonal.ngo\/it\/?s={search_term_string}"},"query-input":{"@type":"PropertyValueSpecification","valueRequired":true,"valueName":"search_term_string"}}],"inLanguage":"it-IT"},{"@type":"Organization","@id":"https:\/\/polygonal.ngo\/it\/#organization","name":"APS Polygonal","url":"https:\/\/polygonal.ngo\/it\/","logo":{"@type":"ImageObject","inLanguage":"it-IT","@id":"https:\/\/polygonal.ngo\/it\/#\/schema\/logo\/image\/","url":"https:\/\/polygonal.ngo\/wp-content\/uploads\/2026\/01\/logo-nero.webp","contentUrl":"https:\/\/polygonal.ngo\/wp-content\/uploads\/2026\/01\/logo-nero.webp","width":512,"height":512,"caption":"APS Polygonal"},"image":{"@id":"https:\/\/polygonal.ngo\/it\/#\/schema\/logo\/image\/"},"sameAs":["https:\/\/www.facebook.com\/polygonal.ngo","https:\/\/x.com\/publicmaker","https:\/\/www.instagram.com\/polygonal.ngo","https:\/\/it.linkedin.com\/company\/polygonalngo"]},{"@type":"Person","@id":"https:\/\/polygonal.ngo\/it\/#\/schema\/person\/79e6e3059bce040205f7e9f92ba3e345","name":"gzita","url":"https:\/\/polygonal.ngo\/it\/author\/gzita\/"}]}},"_links":{"self":[{"href":"https:\/\/polygonal.ngo\/it\/wp-json\/wp\/v2\/posts\/1731","targetHints":{"allow":["GET"]}}],"collection":[{"href":"https:\/\/polygonal.ngo\/it\/wp-json\/wp\/v2\/posts"}],"about":[{"href":"https:\/\/polygonal.ngo\/it\/wp-json\/wp\/v2\/types\/post"}],"author":[{"embeddable":true,"href":"https:\/\/polygonal.ngo\/it\/wp-json\/wp\/v2\/users\/3"}],"replies":[{"embeddable":true,"href":"https:\/\/polygonal.ngo\/it\/wp-json\/wp\/v2\/comments?post=1731"}],"version-history":[{"count":2,"href":"https:\/\/polygonal.ngo\/it\/wp-json\/wp\/v2\/posts\/1731\/revisions"}],"predecessor-version":[{"id":1745,"href":"https:\/\/polygonal.ngo\/it\/wp-json\/wp\/v2\/posts\/1731\/revisions\/1745"}],"wp:featuredmedia":[{"embeddable":true,"href":"https:\/\/polygonal.ngo\/it\/wp-json\/wp\/v2\/media\/1734"}],"wp:attachment":[{"href":"https:\/\/polygonal.ngo\/it\/wp-json\/wp\/v2\/media?parent=1731"}],"wp:term":[{"taxonomy":"category","embeddable":true,"href":"https:\/\/polygonal.ngo\/it\/wp-json\/wp\/v2\/categories?post=1731"},{"taxonomy":"post_tag","embeddable":true,"href":"https:\/\/polygonal.ngo\/it\/wp-json\/wp\/v2\/tags?post=1731"}],"curies":[{"name":"wp","href":"https:\/\/api.w.org\/{rel}","templated":true}]}}